[{"@context":"https:\/\/schema.org\/","@type":"Article","@id":"https:\/\/www.bbbc.cz\/spravny-dum-je-uklizeny\/#Article","mainEntityOfPage":"https:\/\/www.bbbc.cz\/spravny-dum-je-uklizeny\/","headline":"Spr\u00e1vn\u00fd d\u016fm je uklizen\u00fd","name":"Spr\u00e1vn\u00fd d\u016fm je uklizen\u00fd","description":"Kdy\u017e vstoup\u00edme do r\u016fzn\u00fdch budov, v nich\u017e \u017eij\u00ed lid\u00e9, m\u00e1me z nich pochopiteln\u011b r\u016fzn\u00e9 pocity. N\u011bkde nevid\u00edme nic zvl\u00e1\u0161tn\u00edho, n\u011bkde se n\u00e1m to l\u00edb\u00ed a n\u011bkde si v duchu \u0159\u00edk\u00e1me, \u017ee by se tu nad sebou m\u011bli zamyslet, \u017ee takhle slu\u0161n\u00ed lid\u00e9 ne\u017eij\u00ed. A z\u00e1le\u017e\u00ed to pochopiteln\u011b mimo jin\u00e9 i na tom, zda v t\u00e9 &hellip; <a href=\"https:\/\/www.bbbc.cz\/spravny-dum-je-uklizeny\/\" class=\"more-link\">Continue reading <span class=\"screen-reader-text\">Spr\u00e1vn\u00fd d\u016fm je uklizen\u00fd<\/span><\/a>","datePublished":"2023-07-07","dateModified":"2023-08-07","author":{"@type":"Person","@id":"https:\/\/www.bbbc.cz\/author\/#Person","name":"","url":"https:\/\/www.bbbc.cz\/author\/","identifier":1,"image":{"@type":"ImageObject","@id":"https:\/\/secure.gravatar.com\/avatar\/d3163b56da0fbe010a5181dcf7396b9bd721056c768c8d190d293b864efe53fe?s=96&d=mm&r=g","url":"https:\/\/secure.gravatar.com\/avatar\/d3163b56da0fbe010a5181dcf7396b9bd721056c768c8d190d293b864efe53fe?s=96&d=mm&r=g","height":96,"width":96}},"publisher":{"@type":"Organization","name":"bbbc.cz","logo":{"@type":"ImageObject","@id":"\/logo.png","url":"\/logo.png","width":600,"height":60}},"image":{"@type":"ImageObject","@id":"https:\/\/www.bbbc.cz\/wp-content\/uploads\/wiper-2055246_1280.png","url":"https:\/\/www.bbbc.cz\/wp-content\/uploads\/wiper-2055246_1280.png","height":0,"width":0},"url":"https:\/\/www.bbbc.cz\/spravny-dum-je-uklizeny\/","about":["Produkty"],"wordCount":424,"articleBody":"   Kdy\u017e vstoup\u00edme do r\u016fzn\u00fdch budov, v nich\u017e \u017eij\u00ed lid\u00e9, m\u00e1me z nich pochopiteln\u011b r\u016fzn\u00e9 pocity. N\u011bkde nevid\u00edme nic zvl\u00e1\u0161tn\u00edho, n\u011bkde se n\u00e1m to l\u00edb\u00ed a n\u011bkde si v duchu \u0159\u00edk\u00e1me, \u017ee by se tu nad sebou m\u011bli zamyslet, \u017ee takhle slu\u0161n\u00ed lid\u00e9 ne\u017eij\u00ed. A z\u00e1le\u017e\u00ed to pochopiteln\u011b mimo jin\u00e9 i na tom, zda v t\u00e9 kter\u00e9 konkr\u00e9tn\u00ed budov\u011b maj\u00ed nebo nemaj\u00ed uklizeno. Tam, kde se ukl\u00edz\u00ed, to toti\u017e vypad\u00e1 k sv\u011btu, zat\u00edmco jinde nikoliv.Jen\u017ee t\u0159eba v p\u0159\u00edpad\u011b panelov\u00fdch dom\u016f je to docela probl\u00e9m. Tady bydl\u00ed v\u011bt\u0161inou mnoho partaj\u00ed, a \u010d\u00edm v\u00edce lid\u00ed je pohromad\u011b, t\u00edm h\u016f\u0159e se \u0159e\u0161\u00ed spole\u010dn\u00e9 z\u00e1le\u017eitosti, jak\u00fdmi je t\u0159eba i \u00faklid spole\u010dn\u00fdch prostor. V mal\u00e9m dom\u011b se o tu pr\u00e1ci obyvatel\u00e9 snadno pod\u011bl\u00ed, jen\u017ee kdy\u017e se m\u00e1 dohodnout dejme tomu t\u0159icet a v\u00edce rodin na tom, jak bude \u00faklid prob\u00edhat, sk\u0159\u00edpe to, i kdyby \u0161lo bez v\u00fdjimky o lidi takzvan\u011b slu\u0161n\u00e9.Ale slu\u0161n\u00ed lid\u00e9 cht\u011bj\u00ed \u017e\u00edt v \u010dist\u00e9m prost\u0159ed\u00ed. A i kdy\u017e se nedohodnou na tom, jak by si t\u0159eba mohli slu\u017ebu na \u00faklid rozd\u011blit, nakonec \u0159e\u0161en\u00ed najdou. A t\u0159eba v Praze oslov\u00ed firmu specializovanou na \u00faklid spole\u010dn\u00fdch prostor takov\u00fdch panelov\u00fdch dom\u016f. Je to toti\u017e to nejjednodu\u0161\u0161\u00ed a sou\u010dasn\u011b nejlep\u0161\u00ed rozhodnut\u00ed, jak\u00e9 se tu d\u00e1 ud\u011blat. Proto\u017ee t\u00e9to firm\u011b sta\u010d\u00ed zaplatit akceptovatelnou \u010d\u00e1stku za jej\u00ed slu\u017eby, dohodnout se na tom, co a jak se tu m\u00e1 ukl\u00edzet, a pak u\u017e to sta\u010d\u00ed jednodu\u0161e nechat na t\u011bchto profesion\u00e1lech. Jsou za to placen\u00ed, tak a\u0165 se staraj\u00ed. A oni se tak\u00e9 staraj\u00ed. Jimi ukl\u00edzen\u00e9 nemovitosti vypadaj\u00ed (minim\u00e1ln\u011b po uklizen\u00ed, ne\u017e je op\u011bt n\u011bkdo z lid\u00ed zane\u0159\u00e1d\u00ed) dokonale a na jejich uklizen\u00e9 prostory je radost pohled\u011bt. A jist\u011b se shodneme, \u017ee o to slu\u0161n\u00fdm lidem jde.A pokud i vy bydl\u00edte v n\u011bjak\u00e9m pra\u017esk\u00e9m panel\u00e1ku a m\u00e1te probl\u00e9my s \u010distotou, klidn\u011b se t\u00e9to firm\u011b ozv\u011bte. A ona se postar\u00e1. Je to p\u0159ece daleko rozumn\u011bj\u0161\u00ed \u0159e\u0161en\u00ed, ne\u017e se sm\u00ed\u0159it s t\u00edm, \u017ee to u v\u00e1s vypad\u00e1 t\u0159eba jako v ubytovn\u011b pro tzv. soci\u00e1ln\u011b slab\u00e9.                                                                                                                                                                                                                                                                                                                                                                                          4.3\/5 - (6 votes)        "},{"@context":"https:\/\/schema.org\/","@type":"BreadcrumbList","itemListElement":[{"@type":"ListItem","position":1,"name":"Spr\u00e1vn\u00fd d\u016fm je uklizen\u00fd","item":"https:\/\/www.bbbc.cz\/spravny-dum-je-uklizeny\/#breadcrumbitem"}]}]